{"id":546,"date":"2016-05-01T08:00:39","date_gmt":"2016-05-01T08:00:39","guid":{"rendered":"https:\/\/palotina.ufpr.br\/catprobio\/?p=546"},"modified":"2020-08-11T12:24:04","modified_gmt":"2020-08-11T12:24:04","slug":"coleta-e-processamento-de-residuos-da-carcinicultura","status":"publish","type":"post","link":"https:\/\/palotina.ufpr.br\/labmater\/2016\/05\/01\/coleta-e-processamento-de-residuos-da-carcinicultura\/","title":{"rendered":"Coleta e Processamento de Res\u00edduos da Carcinicultura"},"content":{"rendered":"<p style=\"text-align: justify\">O projeto de extens\u00e3o denominado\u00a0 &#8220;Coleta e Processamento de Res\u00edduos da Carcinicultura&#8221; \u00e9 uma iniciativa de atua\u00e7\u00e3o junto \u00e0 comunidade de produtores de camar\u00f5es de \u00e1gua doce do munic\u00edpio de Palotina-PR e de munic\u00edpios vizinhos, integrando a sustentabilidade ambiental desta atividade no que se refere ao descarte de seus res\u00edduos e atividades de pesquisa e inova\u00e7\u00e3o da Universidade, no que se refere ao desenvolvimento de processos e produtos. <!--more-->Foi idealizado e tem sido viabilizado \u00e0 partir da interioriza\u00e7\u00e3o da atividade de carcinicultura, normalmente restrita ao litoral do pa\u00eds (camar\u00e3o marinho), sendo que especificamente na regi\u00e3o citada esta atividade tem se expandido \u00e0 partir da cria\u00e7\u00e3o do curso de Tecnologia em Aquicultura, atual Engenharia de Aquicultura e do projeto de Extens\u00e3o \u201cDesenvolvimento da Carcinicultura na Regi\u00e3o Oeste do PR\u201d. O res\u00edduo da carcinicultura, que \u00e9 a parte n\u00e3o comest\u00edvel do camar\u00e3o (cefalot\u00f3rax) representa cerca de 40% em massa do pescado e seu descarte em lix\u00f5es, al\u00e9m de implicar em problemas como putrefa\u00e7\u00e3o, contamina\u00e7\u00e3o de solo e \u00e1gua, odores, etc significa tamb\u00e9m o desperd\u00edcio de uma mat\u00e9ria prima importante, j\u00e1 que as carapa\u00e7as de camar\u00e3o cont\u00e9m um biopol\u00edmero de alta import\u00e2ncia, a quitina, j\u00e1 que este pode ser quimicamente convertido em quitosana, sendo este biopol\u00edmero de alto valor agregado e uma infinidade de aplica\u00e7\u00f5es na \u00e1rea de qu\u00edmica, alimentos, f\u00e1rmacos, cosm\u00e9ticos, etc. Neste contexto, a disponibilidade do res\u00edduo na regi\u00e3o onde se situa a UFPR-Setor Palotina, aliado aos perfis de cursos de gradua\u00e7\u00e3o e de p\u00f3s gradua\u00e7\u00e3o do Setor e de pesquisas do Grupo de Pesquisa CatProBio (CNPQ) motivaram a proposi\u00e7\u00e3o deste projeto, que est\u00e1 encerrando sua primeira edi\u00e7\u00e3o com bons resultados e \u00f3timas perspectivas de execu\u00e7\u00e3o pelos pr\u00f3ximos anos de vig\u00eancia. O projeto envolver\u00e1 a dissemina\u00e7\u00e3o do conhecimento acerca dos problemas ambientais do descarte do res\u00edduo e de seu potencial de aproveitamento junto aos produtores, seguido pela coleta destes res\u00edduos nas unidades geradoras e por fim do processamento na UFPR-Setor Palotina para extra\u00e7\u00e3o de quitina, produ\u00e7\u00e3o de quitosana e aplica\u00e7\u00f5es em diversas \u00e1reas como cat\u00e1lise, adsor\u00e7\u00e3o de gases, tratamento de efluentes, s\u00edntese de membranas, etc, tudo isso na forma de trabalhos de inicia\u00e7\u00e3o cientifica, est\u00e1gios, monografias e disserta\u00e7\u00f5es de mestrado.<\/p>\n<p style=\"text-align: justify\"><em>Clique <a href=\"https:\/\/intranet.ufpr.br\/sigeu\/public\/projetoExtensao!view;jsessionid=pHFXoLllybVeSHP+j6MSQRMI.jboss02sto?projetoExtensao.id=6418\" target=\"_blank\">aqui<\/a> e saiba mais sobre esse projeto.<\/em><\/p>\n","protected":false},"excerpt":{"rendered":"<p>O projeto de extens\u00e3o denominado\u00a0 &#8220;Coleta e Processamento de Res\u00edduos da Carcinicultura&#8221; \u00e9 uma iniciativa de atua\u00e7\u00e3o junto \u00e0 comunidade de produtores de camar\u00f5es de \u00e1gua doce do munic\u00edpio de Palotina-PR e de munic\u00edpios vizinhos, integrando a sustentabilidade ambiental desta atividade no que se refere ao descarte de seus res\u00edduos e atividades de pesquisa e &hellip; <a href=\"https:\/\/palotina.ufpr.br\/labmater\/2016\/05\/01\/coleta-e-processamento-de-residuos-da-carcinicultura\/\">Continue reading <span class=\"meta-nav\">&rarr;<\/span><\/a><\/p>\n","protected":false},"author":1407,"featured_media":0,"comment_status":"open","ping_status":"open","sticky":false,"template":"","format":"standard","meta":{"_acf_changed":false,"footnotes":""},"categories":[27],"tags":[28],"class_list":["post-546","post","type-post","status-publish","format-standard","hentry","category-projeto","tag-extensao"],"acf":[],"_links":{"self":[{"href":"https:\/\/palotina.ufpr.br\/labmater\/wp-json\/wp\/v2\/posts\/546","targetHints":{"allow":["GET"]}}],"collection":[{"href":"https:\/\/palotina.ufpr.br\/labmater\/wp-json\/wp\/v2\/posts"}],"about":[{"href":"https:\/\/palotina.ufpr.br\/labmater\/wp-json\/wp\/v2\/types\/post"}],"author":[{"embeddable":true,"href":"https:\/\/palotina.ufpr.br\/labmater\/wp-json\/wp\/v2\/users\/1407"}],"replies":[{"embeddable":true,"href":"https:\/\/palotina.ufpr.br\/labmater\/wp-json\/wp\/v2\/comments?post=546"}],"version-history":[{"count":1,"href":"https:\/\/palotina.ufpr.br\/labmater\/wp-json\/wp\/v2\/posts\/546\/revisions"}],"predecessor-version":[{"id":547,"href":"https:\/\/palotina.ufpr.br\/labmater\/wp-json\/wp\/v2\/posts\/546\/revisions\/547"}],"wp:attachment":[{"href":"https:\/\/palotina.ufpr.br\/labmater\/wp-json\/wp\/v2\/media?parent=546"}],"wp:term":[{"taxonomy":"category","embeddable":true,"href":"https:\/\/palotina.ufpr.br\/labmater\/wp-json\/wp\/v2\/categories?post=546"},{"taxonomy":"post_tag","embeddable":true,"href":"https:\/\/palotina.ufpr.br\/labmater\/wp-json\/wp\/v2\/tags?post=546"}],"curies":[{"name":"wp","href":"https:\/\/api.w.org\/{rel}","templated":true}]}}