{"id":548,"date":"2019-08-11T08:00:00","date_gmt":"2019-08-11T08:00:00","guid":{"rendered":"https:\/\/palotina.ufpr.br\/catprobio\/?p=548"},"modified":"2020-08-11T12:38:35","modified_gmt":"2020-08-11T12:38:35","slug":"vii-congresso-da-rede-brasileira-de-tecnologia-e-inovacao-de-biodiesel","status":"publish","type":"post","link":"https:\/\/palotina.ufpr.br\/labmater\/2019\/08\/11\/vii-congresso-da-rede-brasileira-de-tecnologia-e-inovacao-de-biodiesel\/","title":{"rendered":"VII Congresso da Rede Brasileira de Tecnologia e Inova\u00e7\u00e3o de Biodiesel"},"content":{"rendered":"<p style=\"text-align: justify\">O Labmater participar\u00e1 do VII Congresso da Rede Brasileira de Tecnologia e Inova\u00e7\u00e3o de Biodiesel, a ser realizado na cidade de Florian\u00f3polis &#8211; SC, de\u00a004 a 07\/11\/2019. <!--more-->Esta \u00e9 a s\u00e9tima edi\u00e7\u00e3o do evento que conta pela primeira vez com a coordena\u00e7\u00e3o da Embrapa em parceria com o Minist\u00e9rio da Ci\u00eancia, Tecnologia, Inova\u00e7\u00f5es e Comunica\u00e7\u00f5es (MCTIC) e vai reunir cerca de 1.000 pessoas para discutir a\u00e7\u00f5es de empreendedorismo e inova\u00e7\u00e3o para tornar o Brasil mais competitivo na produ\u00e7\u00e3o de biodiesel.<\/p>\n<p>Inscri\u00e7\u00f5es e mais informa\u00e7\u00f5es est\u00e3o dispon\u00edveis no\u00a0<a href=\"https:\/\/www.congressobiodiesel.com.br\/\" target=\"_blank\" rel=\"noopener noreferrer\"><strong>site do Congresso<\/strong><\/a>.<\/p>\n","protected":false},"excerpt":{"rendered":"<p>O Labmater participar\u00e1 do VII Congresso da Rede Brasileira de Tecnologia e Inova\u00e7\u00e3o de Biodiesel, a ser realizado na cidade de Florian\u00f3polis &#8211; SC, de\u00a004 a 07\/11\/2019.<\/p>\n","protected":false},"author":1407,"featured_media":0,"comment_status":"open","ping_status":"open","sticky":false,"template":"","format":"standard","meta":{"_acf_changed":false,"footnotes":""},"categories":[15],"tags":[29],"class_list":["post-548","post","type-post","status-publish","format-standard","hentry","category-evento","tag-evento"],"acf":[],"_links":{"self":[{"href":"https:\/\/palotina.ufpr.br\/labmater\/wp-json\/wp\/v2\/posts\/548","targetHints":{"allow":["GET"]}}],"collection":[{"href":"https:\/\/palotina.ufpr.br\/labmater\/wp-json\/wp\/v2\/posts"}],"about":[{"href":"https:\/\/palotina.ufpr.br\/labmater\/wp-json\/wp\/v2\/types\/post"}],"author":[{"embeddable":true,"href":"https:\/\/palotina.ufpr.br\/labmater\/wp-json\/wp\/v2\/users\/1407"}],"replies":[{"embeddable":true,"href":"https:\/\/palotina.ufpr.br\/labmater\/wp-json\/wp\/v2\/comments?post=548"}],"version-history":[{"count":2,"href":"https:\/\/palotina.ufpr.br\/labmater\/wp-json\/wp\/v2\/posts\/548\/revisions"}],"predecessor-version":[{"id":550,"href":"https:\/\/palotina.ufpr.br\/labmater\/wp-json\/wp\/v2\/posts\/548\/revisions\/550"}],"wp:attachment":[{"href":"https:\/\/palotina.ufpr.br\/labmater\/wp-json\/wp\/v2\/media?parent=548"}],"wp:term":[{"taxonomy":"category","embeddable":true,"href":"https:\/\/palotina.ufpr.br\/labmater\/wp-json\/wp\/v2\/categories?post=548"},{"taxonomy":"post_tag","embeddable":true,"href":"https:\/\/palotina.ufpr.br\/labmater\/wp-json\/wp\/v2\/tags?post=548"}],"curies":[{"name":"wp","href":"https:\/\/api.w.org\/{rel}","templated":true}]}}